{"headers": {"id": "ID", "periodo": "Per\u00edodo", "titulo": "Mat\u00e9ria", "autor": "Autor", "ementa": "Ementa", "situacao": "Situa\u00e7\u00e3o"}, "results": [{"id": 152, "periodo": "ordem dia", "titulo": "Projeto de Lei Legislativo n\u00ba 8 de 2024", "autor": "Professor PH", "ementa": "AUTORIZA A INCLUS\u00c3O DA CARNE DE PEIXE NO CARD\u00c1PIO DA MERENDA ESCOLAR, ASSIM COMO AUTORIZA A DISTRIBUI\u00c7\u00c3O DE CEREAL COM LEITE AOS ALUNOS DA REDE MUNICIPAL DE ENSINO, E D\u00c1 OUTRAS PROVID\u00caNCIAS.", "situacao": "Proposi\u00e7\u00e3o inclusa na Ordem do Dia"}, {"id": 154, "periodo": "ordem dia", "titulo": "Indica\u00e7\u00e3o n\u00ba 41 de 2024", "autor": "Vit\u00e3o", "ementa": "Indica a necessidade de se interceder junto \u00e0 empresa competente, para que seja feita a manuten\u00e7\u00e3o e reparos na fia\u00e7\u00e3o de telefonia solta e emaranhada em diversas ruas e avenidas do Munic\u00edpio de Vera \u2013 MT.", "situacao": "Proposi\u00e7\u00e3o inclusa na Ordem do Dia"}, {"id": 148, "periodo": "ordem dia", "titulo": "Projeto de Lei Complementar n\u00ba 1 de 2024", "autor": "Moacir Luiz Giacomelli - Prefeito", "ementa": "ALTERA AS ATRIBUI\u00c7\u00d5ES DO CARGO DE FISCAL DE TRIBUTOS E ARRECADA\u00c7\u00c3O DO GRUPO OCUPACIONAL: FISCALIZA\u00c7\u00c3O MUNICIPAL DO ANEXO II DA LEI COMPLEMENTAR N\u00ba 024/2014, E D\u00c1 OUTRAS PROVID\u00caNCIAS.", "situacao": "Proposi\u00e7\u00e3o inclusa na Ordem do Dia"}]}