{"id":154,"__str__":"EDT N\u00ba 002/2025 - Edital","link_detail_backend":"/docadm/154","metadata":{},"numero":2,"complemento":"","ano":2025,"data":"2025-10-14","interessado":"","dias_prazo":null,"data_fim_prazo":null,"tramitacao":false,"assunto":"EDITAL DE CONVOCA\u00c7\u00c3O AUDI\u00caNCIA P\u00daBLICA PPA, LDO E LOA 2026","numero_externo":null,"observacao":"","texto_integral":"http://sapl.vera.mt.leg.br/media/sapl/private/documentoadministrativo/154/edital_de_convocacao.jpg","restrito":false,"ip":"168.195.7.81","ultima_edicao":"2025-10-14T12:34:11.560303-04:00","tipo":6,"protocolo":null,"autor":null,"user":3,"anexados":[],"materiasvinculadas":[323,332]}