{"id":224,"__str__":"Lei Ordin\u00e1ria n\u00ba 953, de 18 de maio de 2011","link_detail_backend":"/norma/224","metadata":{},"texto_integral":"http://sapl.vera.mt.leg.br/media/sapl/public/normajuridica/2011/224/lei_953-2011_-_estatuto_e_pccs_magisterio.doc","numero":"953","ano":2011,"esfera_federacao":"M","data":"2011-05-18","data_publicacao":null,"veiculo_publicacao":"","pagina_inicio_publicacao":null,"pagina_fim_publicacao":null,"ementa":"Disp\u00f5e sobre o Estatuto e Plano de Cargos, Carreiras e Sal\u00e1rios dos Profissionais da Educa\u00e7\u00e3o B\u00e1sica do Munic\u00edpio de Vera \u2013 MT, e d\u00e1 outras provid\u00eancias, e d\u00e1 outras provid\u00eancias.","indexacao":"","observacao":"","complemento":false,"data_vigencia":null,"timestamp":"2026-04-23T11:45:35.246044-04:00","data_ultima_atualizacao":"2026-04-23T11:45:35.410950-04:00","ip":"168.195.7.81","ultima_edicao":"2026-04-23T11:44:26.941656-04:00","tipo":2,"materia":null,"orgao":null,"user":3,"assuntos":[],"autores":[]}