{"id":220,"__str__":"Lei Complementar n\u00ba 71, de 27 de fevereiro de 2026","link_detail_backend":"/norma/220","metadata":{},"texto_integral":"http://sapl.vera.mt.leg.br/media/sapl/public/normajuridica/2026/220/lei_complementar-071-2026_-_altera_a_lc_22_e_lc_24-2014.docx","numero":"71","ano":2026,"esfera_federacao":"M","data":"2026-02-27","data_publicacao":null,"veiculo_publicacao":"","pagina_inicio_publicacao":null,"pagina_fim_publicacao":null,"ementa":"Disp\u00f5e sobre a altera\u00e7\u00e3o do art. 12, \u00a7 2\u00ba, al\u00ednea \u201cB\u201d da Lei Complementar n\u00ba 22/2014, altera\u00e7\u00e3o na nomenclatura dos cargos de Chefe de Divis\u00e3o do anexo I, da Lei Complementar n\u00ba 024/2014, bem como, a revoga\u00e7\u00e3o dos arts. 15, \u00a7 2\u00ba da Lei Complementar n\u00ba 24/2014 e art. 34, \u00a7 3\u00ba da Lei Complementar n\u00ba 67/2025.","indexacao":"","observacao":"","complemento":true,"data_vigencia":null,"timestamp":"2026-04-15T08:14:40.578714-04:00","data_ultima_atualizacao":"2026-04-15T08:14:40.579917-04:00","ip":"168.195.7.81","ultima_edicao":"2026-04-15T08:14:40.440950-04:00","tipo":3,"materia":392,"orgao":null,"user":3,"assuntos":[],"autores":[32]}