{"id":456,"__str__":"Projeto de Lei Ordin\u00e1ria n\u00ba 23 de 2026","link_detail_backend":"/materia/456","metadata":{},"numero":23,"ano":2026,"numero_protocolo":66,"data_apresentacao":"2026-04-23","tipo_apresentacao":"E","data_publicacao":null,"numero_origem_externa":"","ano_origem_externa":null,"data_origem_externa":null,"apelido":"","dias_prazo":null,"data_fim_prazo":null,"em_tramitacao":false,"polemica":false,"objeto":"","complementar":false,"ementa":"Disp\u00f5e sobre a altera\u00e7\u00e3o do vencimento inicial dos cargos de Monitor de Creche e Monitor Educacional, constantes no anexo IV da Lei Municipal n\u00ba 953/2011, e d\u00e1 outras provid\u00eancias","indexacao":"","observacao":"","resultado":"","texto_original":"http://sapl.vera.mt.leg.br/media/sapl/public/materialegislativa/2026/456/projeto_de_lei_no_023-2026_-_altera_o_vencimento_inicial_dos_cargos_de_provimento_efetivo_de_monitor_de_creche_e_monitor_educacional.docx","data_ultima_atualizacao":"2026-04-27T09:45:31.960943-04:00","ip":"168.195.7.81","ultima_edicao":"2026-04-23T11:42:58.267600-04:00","tipo":2,"regime_tramitacao":1,"tipo_origem_externa":null,"local_origem_externa":null,"user":3,"anexadas":[],"autores":[32]}