{"id":454,"__str__":"Projeto de Lei Ordin\u00e1ria n\u00ba 22 de 2026","link_detail_backend":"/materia/454","metadata":{},"numero":22,"ano":2026,"numero_protocolo":64,"data_apresentacao":"2026-04-15","tipo_apresentacao":"E","data_publicacao":null,"numero_origem_externa":"","ano_origem_externa":null,"data_origem_externa":null,"apelido":"","dias_prazo":null,"data_fim_prazo":null,"em_tramitacao":true,"polemica":false,"objeto":"","complementar":false,"ementa":"AUTORIZA O PODER EXECUTIVO MUNICIPAL A CELEBRAR TERMO DE FOMENTO COM A ASSOCIA\u00c7\u00c3O DE PAIS E AMIGOS DOS EXCEPCIONAIS DE VERA-APAE, PARA CUMPRIMENTO DE EMENDAS IMPOSITIVAS PARLAMENTARES, E D\u00c1 OUTRAS PROVID\u00caNCIAS.","indexacao":"","observacao":"","resultado":"","texto_original":"http://sapl.vera.mt.leg.br/media/sapl/public/materialegislativa/2026/454/projeto_de_lei_no_022-2026_-_autoriza_termo_de_fomento_proama_-programa_de_atendimento_multidisciplinar_de_autismo_e_deficiencia_multipla_-2026_-_apae.docx","data_ultima_atualizacao":"2026-04-27T09:48:41.632668-04:00","ip":"168.195.7.81","ultima_edicao":"2026-04-15T10:28:04.988224-04:00","tipo":2,"regime_tramitacao":2,"tipo_origem_externa":null,"local_origem_externa":null,"user":3,"anexadas":[],"autores":[32]}