{"id":453,"__str__":"Projeto de Lei Ordin\u00e1ria n\u00ba 21 de 2026","link_detail_backend":"/materia/453","metadata":{},"numero":21,"ano":2026,"numero_protocolo":63,"data_apresentacao":"2026-04-15","tipo_apresentacao":"E","data_publicacao":null,"numero_origem_externa":"","ano_origem_externa":null,"data_origem_externa":null,"apelido":"","dias_prazo":null,"data_fim_prazo":null,"em_tramitacao":true,"polemica":false,"objeto":"","complementar":false,"ementa":"AUTORIZA O PODER EXECUTIVO MUNICIPAL A CELEBRAR TERMO DE FOMENTO COM O CTG QUER\u00caNCIA DA AMIZADE, PARA CUMPRIMENTO DE EMENDAS IMPOSITIVAS PARLAMENTARES, E D\u00c1 OUTRAS PROVID\u00caNCIAS.","indexacao":"","observacao":"","resultado":"","texto_original":"http://sapl.vera.mt.leg.br/media/sapl/public/materialegislativa/2026/453/projeto_de_lei_no_021-2026_-_autoriza_o_poder_executivo_municipal_a_firmar_termo_de_fomento_com_ctg_-2026.docx","data_ultima_atualizacao":"2026-04-27T09:48:26.408557-04:00","ip":"168.195.7.81","ultima_edicao":"2026-04-15T10:18:50.101160-04:00","tipo":2,"regime_tramitacao":2,"tipo_origem_externa":null,"local_origem_externa":null,"user":3,"anexadas":[],"autores":[32]}