{"id":445,"__str__":"Indica\u00e7\u00e3o n\u00ba 22 de 2026","link_detail_backend":"/materia/445","metadata":{},"numero":22,"ano":2026,"numero_protocolo":55,"data_apresentacao":"2026-03-27","tipo_apresentacao":"E","data_publicacao":null,"numero_origem_externa":"","ano_origem_externa":null,"data_origem_externa":null,"apelido":"","dias_prazo":null,"data_fim_prazo":null,"em_tramitacao":false,"polemica":false,"objeto":"","complementar":false,"ementa":"Indica a necessidade de se realizar a constru\u00e7\u00e3o de pontos de \u00f4nibus cobertos e com assentos, destinados ao uso dos mun\u00edcipes, especialmente aos acad\u00eamicos do Munic\u00edpio de Vera.","indexacao":"","observacao":"","resultado":"","texto_original":"http://sapl.vera.mt.leg.br/media/sapl/public/materialegislativa/2026/445/indicacao_022.2026_-_jader_-_ponto_de_onibus_academicos.docx","data_ultima_atualizacao":"2026-03-30T12:11:32.612452-04:00","ip":"168.195.7.81","ultima_edicao":"2026-03-27T11:54:04.751816-04:00","tipo":9,"regime_tramitacao":2,"tipo_origem_externa":null,"local_origem_externa":null,"user":3,"anexadas":[],"autores":[34,24]}