{"id":430,"__str__":"Projeto de Lei Ordin\u00e1ria n\u00ba 12 de 2026","link_detail_backend":"/materia/430","metadata":{},"numero":12,"ano":2026,"numero_protocolo":40,"data_apresentacao":"2026-02-26","tipo_apresentacao":"E","data_publicacao":null,"numero_origem_externa":"","ano_origem_externa":null,"data_origem_externa":null,"apelido":"","dias_prazo":null,"data_fim_prazo":null,"em_tramitacao":false,"polemica":false,"objeto":"","complementar":false,"ementa":"Disp\u00f5e sobre a regulamenta\u00e7\u00e3o do funcionamento do com\u00e9rcio em domingos e feriados no Munic\u00edpio de Vera-MT e d\u00e1 outras provid\u00eancias","indexacao":"","observacao":"","resultado":"","texto_original":"http://sapl.vera.mt.leg.br/media/sapl/public/materialegislativa/2026/430/projeto_de_lei_no_012-2026_-_funcionamento_comercio_finais_de_semana.docx","data_ultima_atualizacao":"2026-03-26T11:35:57.103822-04:00","ip":"168.195.7.81","ultima_edicao":"2026-03-12T09:19:11.593678-04:00","tipo":2,"regime_tramitacao":2,"tipo_origem_externa":null,"local_origem_externa":null,"user":3,"anexadas":[],"autores":[32]}