{"id":428,"__str__":"Projeto de Lei Legislativo n\u00ba 5 de 2026","link_detail_backend":"/materia/428","metadata":{},"numero":5,"ano":2026,"numero_protocolo":38,"data_apresentacao":"2026-03-06","tipo_apresentacao":"E","data_publicacao":null,"numero_origem_externa":"","ano_origem_externa":null,"data_origem_externa":null,"apelido":"","dias_prazo":null,"data_fim_prazo":null,"em_tramitacao":false,"polemica":false,"objeto":"","complementar":false,"ementa":"DISP\u00d5E SOBRE A OBRIGATORIEDADE DE ORGANIZA\u00c7\u00c3O, IDENTIFICA\u00c7\u00c3O E MANUTEN\u00c7\u00c3O DA FIA\u00c7\u00c3O INSTALADA NOS POSTES DO MUNIC\u00cdPIO DE VERA \u2013 MT E D\u00c1 OUTRAS PROVID\u00caNCIAS.","indexacao":"","observacao":"","resultado":"","texto_original":"http://sapl.vera.mt.leg.br/media/sapl/public/materialegislativa/2026/428/projeto_de_lei_005.2026_-_fiacao.docx","data_ultima_atualizacao":"2026-04-14T08:20:55.824853-04:00","ip":"168.195.7.81","ultima_edicao":"2026-04-06T10:41:43.092165-04:00","tipo":11,"regime_tramitacao":2,"tipo_origem_externa":null,"local_origem_externa":null,"user":3,"anexadas":[],"autores":[33,38,19]}