{"id":426,"__str__":"Projeto de Lei Legislativo n\u00ba 3 de 2026","link_detail_backend":"/materia/426","metadata":{},"numero":3,"ano":2026,"numero_protocolo":36,"data_apresentacao":"2026-03-06","tipo_apresentacao":"E","data_publicacao":null,"numero_origem_externa":"","ano_origem_externa":null,"data_origem_externa":null,"apelido":"","dias_prazo":null,"data_fim_prazo":null,"em_tramitacao":false,"polemica":false,"objeto":"","complementar":false,"ementa":"INSTITUI O PROGRAMA MUNICIPAL DE VALORIZA\u00c7\u00c3O DA VIDA E SA\u00daDE EMOCIONAL, COM DIRETRIZES PARA O USO RESPONS\u00c1VEL DE CELULARES E TECNOLOGIAS DIGITAIS POR CRIAN\u00c7AS E ADOLESCENTES, NO MUNIC\u00cdPIO DE VERA \u2013 MATO GROSSO.","indexacao":"","observacao":"","resultado":"","texto_original":"http://sapl.vera.mt.leg.br/media/sapl/public/materialegislativa/2026/426/projeto_de_lei_003.2026_-_valorizacao_da_vida.docx","data_ultima_atualizacao":"2026-03-23T12:15:57.360626-04:00","ip":"168.195.7.81","ultima_edicao":"2026-03-06T10:18:28.296970-04:00","tipo":11,"regime_tramitacao":2,"tipo_origem_externa":null,"local_origem_externa":null,"user":3,"anexadas":[],"autores":[24]}