{"id":412,"__str__":"Projeto de Lei Legislativo n\u00ba 1 de 2026","link_detail_backend":"/materia/412","metadata":{},"numero":1,"ano":2026,"numero_protocolo":25,"data_apresentacao":"2026-02-20","tipo_apresentacao":"E","data_publicacao":null,"numero_origem_externa":"","ano_origem_externa":null,"data_origem_externa":null,"apelido":"","dias_prazo":null,"data_fim_prazo":null,"em_tramitacao":false,"polemica":false,"objeto":"","complementar":false,"ementa":"Converte em Lei, a Resolu\u00e7\u00e3o que instituiu o aux\u00edlio-alimenta\u00e7\u00e3o aos servidores p\u00fablicos efetivos, comissionados e contratados do Poder Legislativo do Munic\u00edpio de Vera-MT nas condi\u00e7\u00f5es que especifica, e d\u00e1 outras provid\u00eancias","indexacao":"","observacao":"","resultado":"","texto_original":"http://sapl.vera.mt.leg.br/media/sapl/public/materialegislativa/2026/412/pll_001.pdf","data_ultima_atualizacao":"2026-03-05T09:10:43.377236-04:00","ip":"168.195.7.81","ultima_edicao":"2026-02-23T07:22:48.940374-04:00","tipo":11,"regime_tramitacao":1,"tipo_origem_externa":null,"local_origem_externa":null,"user":3,"anexadas":[],"autores":[39]}