{"id":404,"__str__":"Projeto de Emenda \u00e0 Lei Org\u00e2nica n\u00ba 1 de 2026","link_detail_backend":"/materia/404","metadata":{},"numero":1,"ano":2026,"numero_protocolo":17,"data_apresentacao":"2026-02-12","tipo_apresentacao":"E","data_publicacao":null,"numero_origem_externa":"","ano_origem_externa":null,"data_origem_externa":null,"apelido":"","dias_prazo":null,"data_fim_prazo":null,"em_tramitacao":false,"polemica":false,"objeto":"","complementar":false,"ementa":"ALTERA A REDA\u00c7\u00c3O DO ART. 64 DA LEI ORG\u00c2NICA DO MUNIC\u00cdPIO DE VERA, ADEQUANDO-O \u00c0S NORMAS CONSTITUCIONAIS E AO REGIME PR\u00d3PRIO DE PREVID\u00caNCIA SOCIAL MUNICIPAL.","indexacao":"","observacao":"","resultado":"","texto_original":"http://sapl.vera.mt.leg.br/media/sapl/public/materialegislativa/2026/404/proposta_de_emenda_a_lei_organica_n.o_001-2026.docx","data_ultima_atualizacao":"2026-03-16T11:57:37.412555-04:00","ip":"168.195.7.81","ultima_edicao":"2026-02-12T11:22:33.363178-04:00","tipo":5,"regime_tramitacao":2,"tipo_origem_externa":null,"local_origem_externa":null,"user":3,"anexadas":[],"autores":[32]}