{"id":403,"__str__":"Indica\u00e7\u00e3o n\u00ba 9 de 2026","link_detail_backend":"/materia/403","metadata":{},"numero":9,"ano":2026,"numero_protocolo":16,"data_apresentacao":"2026-02-12","tipo_apresentacao":"E","data_publicacao":null,"numero_origem_externa":"","ano_origem_externa":null,"data_origem_externa":null,"apelido":"","dias_prazo":null,"data_fim_prazo":null,"em_tramitacao":false,"polemica":false,"objeto":"","complementar":false,"ementa":"Indica \u00e0 instala\u00e7\u00e3o e adequa\u00e7\u00e3o de brinquedos acess\u00edveis em pra\u00e7as, parques e demais espa\u00e7os p\u00fablicos destinados ao lazer, especialmente a implanta\u00e7\u00e3o de \u2018Pra\u00e7as Inclusivas\u2019, espa\u00e7os sensoriais em pra\u00e7as p\u00fablicas do Munic\u00edpio, destinados ao acolhimento, inclus\u00e3o e bem-estar de pessoas com Transtorno do Espectro Autista (TEA).","indexacao":"","observacao":"","resultado":"","texto_original":"http://sapl.vera.mt.leg.br/media/sapl/public/materialegislativa/2026/403/indicacao_009.2026_-_volmar_-_parquinho_sensorial.docx","data_ultima_atualizacao":"2026-02-24T08:44:54.571487-04:00","ip":"168.195.7.81","ultima_edicao":"2026-02-18T08:54:21.643394-04:00","tipo":9,"regime_tramitacao":2,"tipo_origem_externa":null,"local_origem_externa":null,"user":3,"anexadas":[],"autores":[38]}