{"id":395,"__str__":"Projeto de Lei Ordin\u00e1ria n\u00ba 4 de 2026","link_detail_backend":"/materia/395","metadata":{},"numero":4,"ano":2026,"numero_protocolo":8,"data_apresentacao":"2026-02-05","tipo_apresentacao":"E","data_publicacao":null,"numero_origem_externa":"","ano_origem_externa":null,"data_origem_externa":null,"apelido":"","dias_prazo":null,"data_fim_prazo":null,"em_tramitacao":false,"polemica":false,"objeto":"","complementar":false,"ementa":"Autoriza o Poder Executivo Municipal celebrar Termo de Fomento com a Associa\u00e7\u00e3o dos Acad\u00eamicos de Vera \u2013 MT, e d\u00e1 outras provid\u00eancias.","indexacao":"","observacao":"","resultado":"","texto_original":"http://sapl.vera.mt.leg.br/media/sapl/public/materialegislativa/2026/395/projeto_de_lei_no_004-2026_-_autoriza_celebrar_termo_de_fomento_com_a_associacao_dos_academicos_de_vera-mt.doc","data_ultima_atualizacao":"2026-03-03T09:55:36.762469-04:00","ip":"168.195.7.81","ultima_edicao":"2026-02-05T10:45:52.387535-04:00","tipo":2,"regime_tramitacao":1,"tipo_origem_externa":null,"local_origem_externa":null,"user":3,"anexadas":[],"autores":[32]}