{"id":311,"__str__":"Projeto de Decreto Legislativo n\u00ba 3 de 2025","link_detail_backend":"/materia/311","metadata":{},"numero":3,"ano":2025,"numero_protocolo":127,"data_apresentacao":"2025-08-01","tipo_apresentacao":"E","data_publicacao":null,"numero_origem_externa":"","ano_origem_externa":null,"data_origem_externa":null,"apelido":"","dias_prazo":null,"data_fim_prazo":null,"em_tramitacao":false,"polemica":false,"objeto":"","complementar":false,"ementa":"AUTORIZA O PREFEITO MUNICIPAL DE VERA AUSENTAR-SE DO PA\u00cdS E D\u00c1 OUTRAS PROVID\u00caNCIAS.","indexacao":"","observacao":"","resultado":"","texto_original":"http://sapl.vera.mt.leg.br/media/sapl/public/materialegislativa/2025/311/projeto_decreto_legislativo_003-2025_-_viagem_do_prefeito_-_jader.docx","data_ultima_atualizacao":"2025-08-05T08:24:53.958470-04:00","ip":"168.195.7.81","ultima_edicao":"2025-08-01T11:43:10.211884-04:00","tipo":1,"regime_tramitacao":2,"tipo_origem_externa":null,"local_origem_externa":null,"user":3,"anexadas":[],"autores":[39]}