{"id":297,"__str__":"Indica\u00e7\u00e3o n\u00ba 56 de 2025","link_detail_backend":"/materia/297","metadata":{},"numero":56,"ano":2025,"numero_protocolo":113,"data_apresentacao":"2025-06-24","tipo_apresentacao":"E","data_publicacao":null,"numero_origem_externa":"","ano_origem_externa":null,"data_origem_externa":null,"apelido":"","dias_prazo":null,"data_fim_prazo":null,"em_tramitacao":false,"polemica":false,"objeto":"","complementar":false,"ementa":"Indica a aquisi\u00e7\u00e3o de uma Van com capacidade para dez passageiros, a ser destinada \u00e0 Secretaria Municipal de Sa\u00fade; bem como, um caminh\u00e3o basculante (ca\u00e7amba) para integrar a frota da Secretaria Municipal de Agricultura, Meio Ambiente, Ind\u00fastria e Com\u00e9rcio.","indexacao":"","observacao":"","resultado":"","texto_original":"http://sapl.vera.mt.leg.br/media/sapl/public/materialegislativa/2025/297/indicacao_056.2025_-_robson_-_van_saude_nova.docx","data_ultima_atualizacao":"2025-07-01T09:11:52.493507-04:00","ip":"131.221.253.12","ultima_edicao":"2025-07-01T09:05:31.741198-04:00","tipo":9,"regime_tramitacao":2,"tipo_origem_externa":null,"local_origem_externa":null,"user":3,"anexadas":[],"autores":[37]}