{"id":293,"__str__":"Projeto de Lei Ordin\u00e1ria n\u00ba 36 de 2025","link_detail_backend":"/materia/293","metadata":{},"numero":36,"ano":2025,"numero_protocolo":109,"data_apresentacao":"2025-06-13","tipo_apresentacao":"E","data_publicacao":null,"numero_origem_externa":"","ano_origem_externa":null,"data_origem_externa":null,"apelido":"","dias_prazo":null,"data_fim_prazo":null,"em_tramitacao":false,"polemica":false,"objeto":"","complementar":false,"ementa":"Disp\u00f5e sobre a obrigatoriedade de identifica\u00e7\u00e3o por adesivagem dos ve\u00edculos pr\u00f3prios e locados pela Administra\u00e7\u00e3o P\u00fablica Municipal e d\u00e1 outras provid\u00eancias","indexacao":"","observacao":"","resultado":"","texto_original":"http://sapl.vera.mt.leg.br/media/sapl/public/materialegislativa/2025/293/projeto_de_lei_no_036-2025_-_adesivagem_veiculos.docx","data_ultima_atualizacao":"2025-07-08T11:37:51.141094-04:00","ip":"168.195.7.81","ultima_edicao":"2025-06-13T12:59:39.817037-04:00","tipo":2,"regime_tramitacao":2,"tipo_origem_externa":null,"local_origem_externa":null,"user":3,"anexadas":[],"autores":[32]}