{"id":290,"__str__":"Indica\u00e7\u00e3o n\u00ba 52 de 2025","link_detail_backend":"/materia/290","metadata":{},"numero":52,"ano":2025,"numero_protocolo":106,"data_apresentacao":"2025-06-11","tipo_apresentacao":"E","data_publicacao":null,"numero_origem_externa":"","ano_origem_externa":null,"data_origem_externa":null,"apelido":"","dias_prazo":null,"data_fim_prazo":null,"em_tramitacao":false,"polemica":false,"objeto":"","complementar":false,"ementa":"Indica o retorno do Festival Regional da Can\u00e7\u00e3o de Vera \u2013 FESCANVERA, evento este de cunho cultural para a propaga\u00e7\u00e3o e difus\u00e3o musical em Vera e regi\u00e3o.","indexacao":"","observacao":"","resultado":"","texto_original":"http://sapl.vera.mt.leg.br/media/sapl/public/materialegislativa/2025/290/ind_052.pdf","data_ultima_atualizacao":"2025-07-01T09:10:57.682584-04:00","ip":"168.195.7.81","ultima_edicao":"2025-06-11T11:32:26.828623-04:00","tipo":9,"regime_tramitacao":2,"tipo_origem_externa":null,"local_origem_externa":null,"user":3,"anexadas":[],"autores":[33]}