{"id":285,"__str__":"Projeto de Lei Ordin\u00e1ria n\u00ba 34 de 2025","link_detail_backend":"/materia/285","metadata":{},"numero":34,"ano":2025,"numero_protocolo":101,"data_apresentacao":"2025-06-03","tipo_apresentacao":"E","data_publicacao":null,"numero_origem_externa":"","ano_origem_externa":null,"data_origem_externa":null,"apelido":"","dias_prazo":null,"data_fim_prazo":null,"em_tramitacao":false,"polemica":false,"objeto":"","complementar":false,"ementa":"Disp\u00f5e sobre a regulamenta\u00e7\u00e3o da utiliza\u00e7\u00e3o \u00e0 t\u00edtulo prec\u00e1rio do Centro de Conviv\u00eancia dos Idosos e do Centro de Eventos Ol\u00edmpio Giacomelli, e d\u00e1 outras provid\u00eancias.","indexacao":"","observacao":"","resultado":"","texto_original":"http://sapl.vera.mt.leg.br/media/sapl/public/materialegislativa/2025/285/projeto_de_lei_no_034-2025_-_aluguel_do_centro_de_convivencia_dos_idosos_e_centro_de_eventos_olimpio_giacomelli.docx","data_ultima_atualizacao":"2025-07-01T09:14:34.136890-04:00","ip":"168.195.7.81","ultima_edicao":"2025-06-16T11:56:11.094997-04:00","tipo":2,"regime_tramitacao":2,"tipo_origem_externa":null,"local_origem_externa":null,"user":3,"anexadas":[],"autores":[32]}