{"id":284,"__str__":"Projeto de Lei Legislativo n\u00ba 7 de 2025","link_detail_backend":"/materia/284","metadata":{},"numero":7,"ano":2025,"numero_protocolo":100,"data_apresentacao":"2025-05-29","tipo_apresentacao":"E","data_publicacao":null,"numero_origem_externa":"","ano_origem_externa":null,"data_origem_externa":null,"apelido":"","dias_prazo":null,"data_fim_prazo":null,"em_tramitacao":false,"polemica":false,"objeto":"","complementar":false,"ementa":"Denomina \u201cUnidade B\u00e1sica de Sa\u00fade Maria Aparecida Teixeira\u201d, a \u201cUBS-3\u201d do Munic\u00edpio de Vera, e d\u00e1 outras provid\u00eancias.","indexacao":"","observacao":"","resultado":"","texto_original":"http://sapl.vera.mt.leg.br/media/sapl/public/materialegislativa/2025/284/pll_007.pdf","data_ultima_atualizacao":"2025-06-18T12:32:47.345981-04:00","ip":"168.195.7.81","ultima_edicao":"2025-05-29T11:51:15.857527-04:00","tipo":11,"regime_tramitacao":2,"tipo_origem_externa":null,"local_origem_externa":null,"user":3,"anexadas":[],"autores":[37]}