{"id":283,"__str__":"Projeto de Lei Ordin\u00e1ria n\u00ba 33 de 2025","link_detail_backend":"/materia/283","metadata":{},"numero":33,"ano":2025,"numero_protocolo":99,"data_apresentacao":"2025-05-28","tipo_apresentacao":"E","data_publicacao":null,"numero_origem_externa":"","ano_origem_externa":null,"data_origem_externa":null,"apelido":"","dias_prazo":null,"data_fim_prazo":null,"em_tramitacao":false,"polemica":false,"objeto":"","complementar":false,"ementa":"Altera artigo da Lei 1.141, de 16 de junho de 2015 \u2013 Aprova Plano Municipal de Educa\u00e7\u00e3o e d\u00e1 outras providencias.","indexacao":"","observacao":"","resultado":"","texto_original":"http://sapl.vera.mt.leg.br/media/sapl/public/materialegislativa/2025/283/projeto_de_lei_no_033-2025_-_altera_lei_que_institui_o_plano_municipal_de_educacao_-_prorroga_prazo_da_lei_1141-2015.docx","data_ultima_atualizacao":"2025-06-10T08:10:27.600105-04:00","ip":"168.195.7.81","ultima_edicao":"2025-05-28T11:24:50.717668-04:00","tipo":2,"regime_tramitacao":2,"tipo_origem_externa":null,"local_origem_externa":null,"user":3,"anexadas":[],"autores":[32]}