{"id":149,"__str__":"Projeto de Lei Legislativo n\u00ba 5 de 2024","link_detail_backend":"/materia/149","metadata":{},"numero":5,"ano":2024,"numero_protocolo":91,"data_apresentacao":"2024-08-06","tipo_apresentacao":"E","data_publicacao":null,"numero_origem_externa":"","ano_origem_externa":null,"data_origem_externa":null,"apelido":"","dias_prazo":null,"data_fim_prazo":null,"em_tramitacao":false,"polemica":false,"objeto":"","complementar":false,"ementa":"DISP\u00d5E SOBRE A IMPLANTA\u00c7\u00c3O DO PROGRAMA \u201cM\u00c9DICO NA ESCOLA\u201d, NAS ESCOLAS MUNICIPAIS E NOS CENTROS DE EDUCA\u00c7\u00c3O INFANTIL DO MUNIC\u00cdPIO DE VERA, E D\u00c1 OUTRAS PROVID\u00caNCIAS","indexacao":"","observacao":"","resultado":"","texto_original":"http://sapl.vera.mt.leg.br/media/sapl/public/materialegislativa/2024/149/projeto_de_lei_005.2024_-_medico_nas_escolas_-_ph.doc","data_ultima_atualizacao":"2024-11-12T12:24:37.694778-04:00","ip":"138.186.53.156","ultima_edicao":"2024-08-06T10:47:02.876712-04:00","tipo":11,"regime_tramitacao":2,"tipo_origem_externa":null,"local_origem_externa":null,"user":3,"anexadas":[164],"autores":[25]}