{"id":335,"__str__":"Impacto Or\u00e7ament\u00e1rio e Financeiro - Impacto Or\u00e7ament\u00e1rio e Financeiro de 23/04/2026 por Chefe do Poder Executivo","link_detail_backend":"/materia/documentoacessorio/335","metadata":{},"nome":"Impacto Or\u00e7ament\u00e1rio e Financeiro","data":"2026-04-23","autor":"Chefe do Poder Executivo","ementa":"Impacto Or\u00e7ament\u00e1rio e Financeiro","indexacao":"","arquivo":"http://sapl.vera.mt.leg.br/media/sapl/public/documentoacessorio/2026/335/projeto_de_lei_no_023-2026_-_anexo-xlii_-_impacto_vera-aumento_monitores_creche_e_sala_aula.doc","data_ultima_atualizacao":"2026-04-23T11:43:26.638224-04:00","materia":456,"tipo":7}