{"id":305,"__str__":"Parecer - Parecer Conjunto das Comiss\u00f5es de 02/02/2026 por Comiss\u00f5es Permanentes","link_detail_backend":"/materia/documentoacessorio/305","metadata":{},"nome":"Parecer Conjunto das Comiss\u00f5es","data":"2026-02-02","autor":"Comiss\u00f5es Permanentes","ementa":"Parecer Favor\u00e1vel","indexacao":"","arquivo":"http://sapl.vera.mt.leg.br/media/sapl/public/documentoacessorio/2026/305/parecer_004_-_proj.compl_001_com._1.2.3.doc","data_ultima_atualizacao":"2026-02-05T10:49:14.095119-04:00","materia":391,"tipo":4}