{"id":267,"__str__":"Edital - Edital de Convoca\u00e7\u00e3o de 20/10/2025 por Comiss\u00e3o de Or\u00e7amento, Finan\u00e7as e Tributa\u00e7\u00e3o","link_detail_backend":"/materia/documentoacessorio/267","metadata":{},"nome":"Edital de Convoca\u00e7\u00e3o","data":"2025-10-20","autor":"Comiss\u00e3o de Or\u00e7amento, Finan\u00e7as e Tributa\u00e7\u00e3o","ementa":"RETIFICA\u00c7\u00c3O DO EDITAL DE CONVOCA\u00c7\u00c3O N\u00ba 001/2025","indexacao":"","arquivo":"http://sapl.vera.mt.leg.br/media/sapl/public/documentoacessorio/2025/267/retificacao_da_audiencia.pdf","data_ultima_atualizacao":"2025-10-20T11:05:18.316679-04:00","materia":323,"tipo":6}