{"id":266,"__str__":"Edital - Edital de Convoca\u00e7\u00e3o de 15/10/2025 por Comiss\u00e3o de Or\u00e7amento, Finan\u00e7as e Tributa\u00e7\u00e3o","link_detail_backend":"/materia/documentoacessorio/266","metadata":{},"nome":"Edital de Convoca\u00e7\u00e3o","data":"2025-10-15","autor":"Comiss\u00e3o de Or\u00e7amento, Finan\u00e7as e Tributa\u00e7\u00e3o","ementa":"Edital de Convoca\u00e7\u00e3o para Audi\u00eancia P\u00fablica","indexacao":"","arquivo":"http://sapl.vera.mt.leg.br/media/sapl/public/documentoacessorio/2025/266/edital_de_convocacao_ppa_ldo_e_loa_2026.doc","data_ultima_atualizacao":"2025-10-16T11:33:14.305826-04:00","materia":360,"tipo":6}