{"id":245,"__str__":"Projetos em Execu\u00e7\u00e3o - Relat\u00f3rio de Projetos em Execu\u00e7\u00e3o de 19/09/2025 por Chefe do Poder Executivo","link_detail_backend":"/materia/documentoacessorio/245","metadata":{},"nome":"Relat\u00f3rio de Projetos em Execu\u00e7\u00e3o","data":"2025-09-19","autor":"Chefe do Poder Executivo","ementa":"Relat\u00f3rio de Projetos em Execu\u00e7\u00e3o","indexacao":"","arquivo":"http://sapl.vera.mt.leg.br/media/sapl/public/documentoacessorio/2025/245/relatorio_de_projetos_em_execucao_-_ldo.pdf","data_ultima_atualizacao":"2025-09-19T08:28:17.477606-04:00","materia":332,"tipo":9}