{"id":234,"__str__":"Of\u00edcio - Of\u00edcio Gabinete da Presid\u00eancia de 01/07/2025 por Gabinete da Presid\u00eancia","link_detail_backend":"/materia/documentoacessorio/234","metadata":{},"nome":"Of\u00edcio Gabinete da Presid\u00eancia","data":"2025-07-01","autor":"Gabinete da Presid\u00eancia","ementa":"Of\u00edcio 053/SEC/2025","indexacao":"","arquivo":"http://sapl.vera.mt.leg.br/media/sapl/public/documentoacessorio/2025/234/oficio_053.pdf","data_ultima_atualizacao":"2025-09-05T10:20:21.307480-04:00","materia":285,"tipo":3}