{"id":199,"__str__":"Parecer - Parecer Jur\u00eddico de 25/06/2025 por Procuradoria Jur\u00eddica","link_detail_backend":"/materia/documentoacessorio/199","metadata":{},"nome":"Parecer Jur\u00eddico","data":"2025-06-25","autor":"Procuradoria Jur\u00eddica","ementa":"Parecer Favor\u00e1vel","indexacao":"","arquivo":"http://sapl.vera.mt.leg.br/media/sapl/public/documentoacessorio/2025/199/parecer_052_-_instalacao_de_cameras.docx","data_ultima_atualizacao":"2025-06-30T10:18:33.283970-04:00","materia":291,"tipo":4}