{"id":193,"__str__":"Parecer - Reuni\u00e3o Conjunta das Comiss\u00f5es de 27/06/2025 por Comiss\u00f5es Permanentes","link_detail_backend":"/materia/documentoacessorio/193","metadata":{},"nome":"Reuni\u00e3o Conjunta das Comiss\u00f5es","data":"2025-06-27","autor":"Comiss\u00f5es Permanentes","ementa":"Parecer Favor\u00e1vel","indexacao":"","arquivo":"http://sapl.vera.mt.leg.br/media/sapl/public/documentoacessorio/2025/193/parecer_044_-_proj._037_com._1.2.3.docx","data_ultima_atualizacao":"2025-06-30T10:04:09.141844-04:00","materia":294,"tipo":4}