{"id":191,"__str__":"Parecer - Parecer Jur\u00eddico de 13/06/2025 por Procuradoria Jur\u00eddica","link_detail_backend":"/materia/documentoacessorio/191","metadata":{},"nome":"Parecer Jur\u00eddico","data":"2025-06-13","autor":"Procuradoria Jur\u00eddica","ementa":"PARECER FAVOR\u00c1VEL","indexacao":"","arquivo":"http://sapl.vera.mt.leg.br/media/sapl/public/documentoacessorio/2025/191/parecer_046_-_cedencia_de_profissionais.docx","data_ultima_atualizacao":"2025-06-17T07:18:17.701608-04:00","materia":286,"tipo":4}