{"id":189,"__str__":"Impacto Or\u00e7ament\u00e1rio e Financeiro - Impacto Or\u00e7ament\u00e1rio e Financeiro de 13/06/2025 por Prefeitura Municipal de Vera","link_detail_backend":"/materia/documentoacessorio/189","metadata":{},"nome":"Impacto Or\u00e7ament\u00e1rio e Financeiro","data":"2025-06-13","autor":"Prefeitura Municipal de Vera","ementa":"Estimativa do Impacto Or\u00e7ament\u00e1rio-Financeiro do aumento da despesa.","indexacao":"","arquivo":"http://sapl.vera.mt.leg.br/media/sapl/public/documentoacessorio/2025/189/projeto_de_lei_008.2025_-_impacto.docx","data_ultima_atualizacao":"2025-06-13T10:03:28.545255-04:00","materia":291,"tipo":7}