{"id":40,"__str__":"Reuni\u00e3o Conjunta das Comiss\u00f5es","link_detail_backend":"/comissao/reuniao/40","metadata":{},"numero":3,"nome":"Reuni\u00e3o Conjunta das Comiss\u00f5es","tema":"An\u00e1lise de Projetos em Tramita\u00e7\u00e3o","data":"2025-02-20","hora_inicio":"21:00:00","hora_fim":null,"local_reuniao":"Sala de Reuni\u00f5es Vereador Alfredo Krause","observacao":"Data alterada em raz\u00e3o da Portaria 018/2025","url_audio":"","url_video":"","upload_pauta":"http://sapl.vera.mt.leg.br/media/sapl/public/reuniao/40/pauta/pauta_ccj_003.pdf","upload_ata":null,"upload_anexo":null,"periodo":3,"comissao":1}