{"id":38,"__str__":"Reuni\u00e3o Conjunta das Comiss\u00f5es","link_detail_backend":"/comissao/reuniao/38","metadata":{},"numero":1,"nome":"Reuni\u00e3o Conjunta das Comiss\u00f5es","tema":"An\u00e1lise de Projetos em Tramita\u00e7\u00e3o","data":"2025-02-06","hora_inicio":"21:00:00","hora_fim":null,"local_reuniao":"Sala de Reuni\u00f5es Vereador Alfredo Krause","observacao":"","url_audio":"","url_video":"","upload_pauta":"http://sapl.vera.mt.leg.br/media/sapl/public/reuniao/38/pauta/pauta_comissoes_001.2025.doc","upload_ata":"http://sapl.vera.mt.leg.br/media/sapl/public/reuniao/38/ata/ata_comissoes_001.2025_ord.doc","upload_anexo":null,"periodo":3,"comissao":1}