{"id":28,"__str__":"Reuni\u00e3o Conjunta das Comiss\u00f5es","link_detail_backend":"/comissao/reuniao/28","metadata":{},"numero":27,"nome":"Reuni\u00e3o Conjunta das Comiss\u00f5es","tema":"An\u00e1lise de Projetos em Tramita\u00e7\u00e3o","data":"2024-10-14","hora_inicio":"20:00:00","hora_fim":null,"local_reuniao":"Sala de Reuni\u00f5es Vereador Alfredo Krause","observacao":"","url_audio":"","url_video":"","upload_pauta":"http://sapl.vera.mt.leg.br/media/sapl/public/reuniao/28/pauta/pauta_comissoes_027.2024.doc","upload_ata":"http://sapl.vera.mt.leg.br/media/sapl/public/reuniao/28/ata/ata_comissoes_027.2024.doc","upload_anexo":null,"periodo":1,"comissao":1}