{"id":14,"__str__":"Reuni\u00e3o Conjunta das Comiss\u00f5es","link_detail_backend":"/comissao/reuniao/14","metadata":{},"numero":13,"nome":"Reuni\u00e3o Conjunta das Comiss\u00f5es","tema":"An\u00e1lise de Projetos em Tramita\u00e7\u00e3o","data":"2024-05-27","hora_inicio":"20:30:00","hora_fim":"20:35:00","local_reuniao":"Sala de Reuni\u00f5es Vereador Alfredo Krause","observacao":"Parecer exarado com pedido de urg\u00eancia","url_audio":"","url_video":"","upload_pauta":"http://sapl.vera.mt.leg.br/media/sapl/public/reuniao/14/pauta/pauta_comissoes_013.2024.doc","upload_ata":"http://sapl.vera.mt.leg.br/media/sapl/public/reuniao/14/ata/ata_comissoes_013.2024.doc","upload_anexo":null,"periodo":1,"comissao":1}